{"id":5781,"date":"2025-05-26T10:33:49","date_gmt":"2025-05-26T10:33:49","guid":{"rendered":"https:\/\/hiszpaniak.com\/?p=5781"},"modified":"2025-07-14T08:55:23","modified_gmt":"2025-07-14T08:55:23","slug":"hiszpanskie-swieta-regionalne-fiesty-ktore-warto-znac-fallas-la-tomatina-san-fermin","status":"publish","type":"post","link":"https:\/\/hiszpaniak.com\/pl\/hiszpanskie-swieta-regionalne-fiesty-ktore-warto-znac-fallas-la-tomatina-san-fermin\/","title":{"rendered":"27. Hiszpa\u0144skie \u015awi\u0119ta Regionalne \u2013 Fiesty, Kt\u00f3re Warto Zna\u0107 (Fallas, La Tomatina, San Ferm\u00edn)"},"content":{"rendered":"\t\t<div data-elementor-type=\"wp-post\" data-elementor-id=\"5781\" class=\"elementor elementor-5781\" data-elementor-post-type=\"post\">\n\t\t\t\t<div class=\"elementor-element elementor-element-5c3c159 e-flex e-con-boxed e-con e-parent\" data-id=\"5c3c159\" data-element_type=\"container\" data-e-type=\"container\">\n\t\t\t\t\t<div class=\"e-con-inner\">\n\t\t\t\t<div class=\"elementor-element elementor-element-4fe555c elementor-widget elementor-widget-text-editor\" data-id=\"4fe555c\" data-element_type=\"widget\" data-e-type=\"widget\" data-widget_type=\"text-editor.default\">\n\t\t\t\t<div class=\"elementor-widget-container\">\n\t\t\t\t\t\t\t\t\t<p><span style=\"font-weight: 400;\">Hiszpania to kraj, w kt\u00f3rym kultura splata si\u0119 z \u017cyciem codziennym, a niemal ka\u017cdy region szczyci si\u0119 w\u0142asnymi, <\/span><b>niepowtarzalnymi tradycjami i \u015bwi\u0119tami<\/b><span style=\"font-weight: 400;\">. Obok og\u00f3lnokrajowych uroczysto\u015bci, to w\u0142a\u015bnie te <\/span><b>hiszpa\u0144skie \u015bwi\u0119ta<\/b><span style=\"font-weight: 400;\"> o lokalnym charakterze, czyli fiesty, co roku przyci\u0105gaj\u0105 rzesze turyst\u00f3w i s\u0105 powodem do wielkiej dumy dla ich mieszka\u0144c\u00f3w. W tym artykule zabierzemy Ci\u0119 w podr\u00f3\u017c po trzech najbardziej znanych i widowiskowych z nich: Las Fallas, La Tomatina oraz San Ferm\u00edn. Przygotuj si\u0119 na dawk\u0119 hiszpa\u0144skiego temperamentu!<\/span><\/p><p><span style=\"font-weight: 400;\">A gdy ju\u017c nasycisz si\u0119 atmosfer\u0105 \u015bwi\u0105t, pami\u0119taj, by sprawdzi\u0107 tak\u017ce nasz <\/span><a href=\"https:\/\/hiszpaniak.com\/pl\/hiszpanskie-seriale-na-netflixie-ktore-podbily-2024-rok\/\"><span style=\"font-weight: 400;\">artyku\u0142 o Hiszpa\u0144skich Serialach na Netflixie, Kt\u00f3re Podbi\u0142y 2024 Rok<\/span><\/a><span style=\"font-weight: 400;\">.<\/span><\/p>\t\t\t\t\t\t\t\t<\/div>\n\t\t\t\t<\/div>\n\t\t\t\t\t<\/div>\n\t\t\t\t<\/div>\n\t\t<div class=\"elementor-element elementor-element-1f59781 e-flex e-con-boxed e-con e-parent\" data-id=\"1f59781\" data-element_type=\"container\" data-e-type=\"container\">\n\t\t\t\t\t<div class=\"e-con-inner\">\n\t\t\t\t<div class=\"elementor-element elementor-element-9f3f3d9 elementor-widget elementor-widget-heading\" data-id=\"9f3f3d9\" data-element_type=\"widget\" data-e-type=\"widget\" data-widget_type=\"heading.default\">\n\t\t\t\t<div class=\"elementor-widget-container\">\n\t\t\t\t\t<h2 class=\"elementor-heading-title elementor-size-default\">1. Fallas w Walencji (Las Fallas de Valencia)\n<\/h2>\t\t\t\t<\/div>\n\t\t\t\t<\/div>\n\t\t\t\t<div class=\"elementor-element elementor-element-1d5f8f3 elementor-widget elementor-widget-text-editor\" data-id=\"1d5f8f3\" data-element_type=\"widget\" data-e-type=\"widget\" data-widget_type=\"text-editor.default\">\n\t\t\t\t<div class=\"elementor-widget-container\">\n\t\t\t\t\t\t\t\t\t<ul><li style=\"font-weight: 400;\" aria-level=\"1\"><b>Miejsce<\/b><span style=\"font-weight: 400;\">: Walencja<\/span><\/li><li style=\"font-weight: 400;\" aria-level=\"1\"><b>Data<\/b><span style=\"font-weight: 400;\">: Marzec (15\u201319 marca)<\/span><\/li><li style=\"font-weight: 400;\" aria-level=\"1\"><b>Opis<\/b><span style=\"font-weight: 400;\">: Festiwal ognia i ogromnych rze\u017ab z kartonu i drewna, znanych jako &#8222;ninots&#8221;. Kulminacyjnym punktem \u015bwi\u0119ta jest &#8222;la crem\u00e0&#8221; \u2013 spalenie rze\u017ab.<\/span><\/li><li style=\"font-weight: 400;\" aria-level=\"1\"><b>Atrakcje<\/b><span style=\"font-weight: 400;\">: fajerwerki (masclet\u00e0), tradycyjne stroje, parady, muzyka.<\/span><\/li><li style=\"font-weight: 400;\" aria-level=\"1\"><b>Ciekawostka od Hiszpaniak<\/b><span style=\"font-weight: 400;\">: Las Fallas znajduje si\u0119 na li\u015bcie niematerialnego dziedzictwa UNESCO.<\/span><\/li><\/ul><p><b>Fallas<\/b><span style=\"font-weight: 400;\"> to niezwykle kolorowe<\/span><span style=\"font-weight: 400;\"> hiszpa\u0144skie \u015bwi\u0119to,<\/span><span style=\"font-weight: 400;\"> kt\u00f3re \u0142\u0105czy sztuk\u0119, satyr\u0119 i tradycj\u0119. Rze\u017aby przedstawiaj\u0105 postacie z \u017cycia publicznego, bajek, polityki i kultury, cz\u0119sto w karykaturalny spos\u00f3b. Przez wiele dni Walencja zamienia si\u0119 w ogromne muzeum na \u015bwie\u017cym powietrzu, a d\u017awi\u0119ki petard i zapach prochu towarzysz\u0105 uczestnikom od rana do nocy. Dla mieszka\u0144c\u00f3w Walencji to nie tylko widowisko, ale tak\u017ce duchowa celebracja ku czci \u015bw. J\u00f3zefa. Ka\u017cda dzielnica miasta tworzy swoj\u0105 w\u0142asn\u0105 rze\u017ab\u0119, a proces tworzenia &#8222;ninots&#8221; trwa wiele miesi\u0119cy. To \u015bwi\u0119to, kt\u00f3re warto zobaczy\u0107 przynajmniej raz w \u017cyciu, zw\u0142aszcza je\u015bli <\/span><a href=\"https:\/\/hiszpaniak.com\/pl\/12-szlifuj-swoj-hiszpanski-jak-myslec-po-hiszpansku\/\"><span style=\"font-weight: 400;\">uczysz si\u0119 hiszpa\u0144skiego<\/span><\/a><span style=\"font-weight: 400;\"> i chcesz poczu\u0107 jego prawdziwego ducha.<\/span><\/p>\t\t\t\t\t\t\t\t<\/div>\n\t\t\t\t<\/div>\n\t\t\t\t<div class=\"elementor-element elementor-element-aa9dcd3 elementor-widget elementor-widget-image\" data-id=\"aa9dcd3\" data-element_type=\"widget\" data-e-type=\"widget\" data-widget_type=\"image.default\">\n\t\t\t\t<div class=\"elementor-widget-container\">\n\t\t\t\t\t\t\t\t\t\t\t\t\t\t\t<img fetchpriority=\"high\" decoding=\"async\" width=\"1024\" height=\"768\" src=\"https:\/\/hiszpaniak.com\/wp-content\/uploads\/2025\/06\/hiszpanskie-swieta-las-fallas-1200-1024x768.jpg\" class=\"attachment-large size-large wp-image-5784\" alt=\"hiszpa\u0144skie \u015bwi\u0119to Las Fallas de Valencia\" srcset=\"https:\/\/hiszpaniak.com\/wp-content\/uploads\/2025\/06\/hiszpanskie-swieta-las-fallas-1200-1024x768.jpg 1024w, https:\/\/hiszpaniak.com\/wp-content\/uploads\/2025\/06\/hiszpanskie-swieta-las-fallas-1200-300x225.jpg 300w, https:\/\/hiszpaniak.com\/wp-content\/uploads\/2025\/06\/hiszpanskie-swieta-las-fallas-1200-768x576.jpg 768w, https:\/\/hiszpaniak.com\/wp-content\/uploads\/2025\/06\/hiszpanskie-swieta-las-fallas-1200.jpg 1200w\" sizes=\"(max-width: 1024px) 100vw, 1024px\" \/>\t\t\t\t\t\t\t\t\t\t\t\t\t\t\t<\/div>\n\t\t\t\t<\/div>\n\t\t\t\t<div class=\"elementor-element elementor-element-d2a009c elementor-widget elementor-widget-spacer\" data-id=\"d2a009c\" data-element_type=\"widget\" data-e-type=\"widget\" data-widget_type=\"spacer.default\">\n\t\t\t\t<div class=\"elementor-widget-container\">\n\t\t\t\t\t\t\t<div class=\"elementor-spacer\">\n\t\t\t<div class=\"elementor-spacer-inner\"><\/div>\n\t\t<\/div>\n\t\t\t\t\t\t<\/div>\n\t\t\t\t<\/div>\n\t\t\t\t\t<\/div>\n\t\t\t\t<\/div>\n\t\t<div class=\"elementor-element elementor-element-79f674f e-flex e-con-boxed e-con e-parent\" data-id=\"79f674f\" data-element_type=\"container\" data-e-type=\"container\">\n\t\t\t\t\t<div class=\"e-con-inner\">\n\t\t\t\t<div class=\"elementor-element elementor-element-61b4a95 elementor-widget elementor-widget-heading\" data-id=\"61b4a95\" data-element_type=\"widget\" data-e-type=\"widget\" data-widget_type=\"heading.default\">\n\t\t\t\t<div class=\"elementor-widget-container\">\n\t\t\t\t\t<h2 class=\"elementor-heading-title elementor-size-default\">2. La Tomatina (Bu\u00f1ol)\n\n<\/h2>\t\t\t\t<\/div>\n\t\t\t\t<\/div>\n\t\t\t\t<div class=\"elementor-element elementor-element-eaea57e elementor-widget elementor-widget-text-editor\" data-id=\"eaea57e\" data-element_type=\"widget\" data-e-type=\"widget\" data-widget_type=\"text-editor.default\">\n\t\t\t\t<div class=\"elementor-widget-container\">\n\t\t\t\t\t\t\t\t\t<ul><li style=\"font-weight: 400;\" aria-level=\"1\"><b>Miejsce<\/b><span style=\"font-weight: 400;\">: Bu\u00f1ol (Walencja)<\/span><\/li><li style=\"font-weight: 400;\" aria-level=\"1\"><b>Data<\/b><span style=\"font-weight: 400;\">: ostatnia \u015broda sierpnia<\/span><\/li><li style=\"font-weight: 400;\" aria-level=\"1\"><b>Opis<\/b><span style=\"font-weight: 400;\">: Najwi\u0119ksza na \u015bwiecie bitwa na pomidory. Tysi\u0105ce uczestnik\u00f3w rzuca si\u0119 wzajemnie przejrza\u0142ymi pomidorami.<\/span><\/li><li style=\"font-weight: 400;\" aria-level=\"1\"><b>Atrakcje<\/b><span style=\"font-weight: 400;\">: muzyka, imprezy towarzysz\u0105ce, festyn.<\/span><\/li><li style=\"font-weight: 400;\" aria-level=\"1\"><b>Ciekawostka od Hiszpaniak<\/b><span style=\"font-weight: 400;\">: Pomidory u\u017cywane podczas fiesty nie nadaj\u0105 si\u0119 do jedzenia i s\u0105 dostarczane specjalnie na potrzeby wydarzenia.<\/span><\/li><\/ul><p><b>La Tomatina<\/b><span style=\"font-weight: 400;\"> to fiestowa klasyka, kt\u00f3ra zdoby\u0142a popularno\u015b\u0107 na ca\u0142ym \u015bwiecie. Wszystko zaczyna si\u0119 od specjalnego sygna\u0142u i w jednej chwili ca\u0142e centrum miasta zamienia si\u0119 w czerwone morze pomidorowej papki. Ludzie oblewaj\u0105 si\u0119 wzajemnie, \u015bmiej\u0105 si\u0119 i bawi\u0105 bez wzgl\u0119du na wiek, pochodzenie czy znajomo\u015b\u0107 j\u0119zyka.<\/span><\/p><p><span style=\"font-weight: 400;\">Cho\u0107 wygl\u0105da na czyste szale\u0144stwo, La Tomatina ma \u015bci\u015ble okre\u015blone zasady i ograniczon\u0105 liczb\u0119 uczestnik\u00f3w. Trzeba wcze\u015bniej zarejestrowa\u0107 si\u0119 i przygotowa\u0107 ubranie, kt\u00f3re mo\u017cna po\u017cegna\u0107 bez \u017calu. To jedno z najbardziej fotogenicznych wydarze\u0144 w Hiszpanii.<\/span><\/p>\t\t\t\t\t\t\t\t<\/div>\n\t\t\t\t<\/div>\n\t\t\t\t<div class=\"elementor-element elementor-element-97ce83e elementor-widget elementor-widget-spacer\" data-id=\"97ce83e\" data-element_type=\"widget\" data-e-type=\"widget\" data-widget_type=\"spacer.default\">\n\t\t\t\t<div class=\"elementor-widget-container\">\n\t\t\t\t\t\t\t<div class=\"elementor-spacer\">\n\t\t\t<div class=\"elementor-spacer-inner\"><\/div>\n\t\t<\/div>\n\t\t\t\t\t\t<\/div>\n\t\t\t\t<\/div>\n\t\t\t\t\t<\/div>\n\t\t\t\t<\/div>\n\t\t<div class=\"elementor-element elementor-element-8d49798 e-flex e-con-boxed e-con e-parent\" data-id=\"8d49798\" data-element_type=\"container\" data-e-type=\"container\">\n\t\t\t\t\t<div class=\"e-con-inner\">\n\t\t\t\t<div class=\"elementor-element elementor-element-00b182a elementor-widget elementor-widget-heading\" data-id=\"00b182a\" data-element_type=\"widget\" data-e-type=\"widget\" data-widget_type=\"heading.default\">\n\t\t\t\t<div class=\"elementor-widget-container\">\n\t\t\t\t\t<h2 class=\"elementor-heading-title elementor-size-default\">3. San Ferm\u00edn (Pamplona)<\/h2>\t\t\t\t<\/div>\n\t\t\t\t<\/div>\n\t\t\t\t<div class=\"elementor-element elementor-element-1434753 elementor-widget elementor-widget-text-editor\" data-id=\"1434753\" data-element_type=\"widget\" data-e-type=\"widget\" data-widget_type=\"text-editor.default\">\n\t\t\t\t<div class=\"elementor-widget-container\">\n\t\t\t\t\t\t\t\t\t<ul><li style=\"font-weight: 400;\" aria-level=\"1\"><b>Miejsce<\/b><span style=\"font-weight: 400;\">: Pamplona (Nawarra)<\/span><\/li><li style=\"font-weight: 400;\" aria-level=\"1\"><b>Data<\/b><span style=\"font-weight: 400;\">: 6\u201314 lipca<\/span><\/li><li style=\"font-weight: 400;\" aria-level=\"1\"><b>Opis<\/b><span style=\"font-weight: 400;\">: Najbardziej znane <\/span><span style=\"font-weight: 400;\">hiszpa\u0144skie \u015bwi\u0119to<\/span><span style=\"font-weight: 400;\"> z biegiem byk\u00f3w (encierro). Uczestnicy w bieli z czerwonymi chustami uciekaj\u0105 przed bykami ulicami miasta.<\/span><\/li><li style=\"font-weight: 400;\" aria-level=\"1\"><b>Atrakcje<\/b><span style=\"font-weight: 400;\">: poranne biegi, corrida, parady, pokazy taneczne.<\/span><\/li><li style=\"font-weight: 400;\" aria-level=\"1\"><b>Ciekawostka od Hiszpaniak<\/b><span style=\"font-weight: 400;\">: San Ferm\u00edn zosta\u0142 rozs\u0142awiony przez Ernesta Hemingwaya i jest \u015bwi\u0119tem zar\u00f3wno podziwianym, jak i krytykowanym.<\/span><\/li><\/ul><p><b>San Ferm\u00edn<\/b><span style=\"font-weight: 400;\"> to jedno z najbardziej emocjonuj\u0105cych \u015bwi\u0119t w ca\u0142ej Europie. Codzienne poranne biegi z bykami przyci\u0105gaj\u0105 zar\u00f3wno odwa\u017cnych uczestnik\u00f3w, jak i tysieczne rzesze widz\u00f3w. Adrenalina, tradycja i ryzyko tworz\u0105 atmosfer\u0119, kt\u00f3ra pozostaje w pami\u0119ci na ca\u0142e \u017cycie.<\/span><\/p><p><span style=\"font-weight: 400;\">To r\u00f3wnie\u017c czas intensywnego \u015bwi\u0119towania: parady gigantycznych kukie\u0142, koncerty, ta\u0144ce i wsp\u00f3lne posi\u0142ki na ulicach Pamplony. Pomimo kontrowersji wok\u00f3\u0142 traktowania zwierz\u0105t, San Ferm\u00edn pozostaje wa\u017cnym symbolem kultury Nawarry i jednym z najbardziej znanych wydarze\u0144 w Hiszpanii.<\/span><\/p>\t\t\t\t\t\t\t\t<\/div>\n\t\t\t\t<\/div>\n\t\t\t\t<div class=\"elementor-element elementor-element-38cefc5 elementor-widget elementor-widget-image\" data-id=\"38cefc5\" data-element_type=\"widget\" data-e-type=\"widget\" data-widget_type=\"image.default\">\n\t\t\t\t<div class=\"elementor-widget-container\">\n\t\t\t\t\t\t\t\t\t\t\t\t\t\t\t<img decoding=\"async\" width=\"1024\" height=\"576\" src=\"https:\/\/hiszpaniak.com\/wp-content\/uploads\/2025\/06\/san-fermin-pamplona-1200-1024x576.jpg\" class=\"attachment-large size-large wp-image-5787\" alt=\"Pamplona - najbardziej znane hiszpa\u0144skie \u015bwi\u0119to z biegiem byk\u00f3w\" srcset=\"https:\/\/hiszpaniak.com\/wp-content\/uploads\/2025\/06\/san-fermin-pamplona-1200-1024x576.jpg 1024w, https:\/\/hiszpaniak.com\/wp-content\/uploads\/2025\/06\/san-fermin-pamplona-1200-300x169.jpg 300w, https:\/\/hiszpaniak.com\/wp-content\/uploads\/2025\/06\/san-fermin-pamplona-1200-768x432.jpg 768w, https:\/\/hiszpaniak.com\/wp-content\/uploads\/2025\/06\/san-fermin-pamplona-1200.jpg 1200w\" sizes=\"(max-width: 1024px) 100vw, 1024px\" \/>\t\t\t\t\t\t\t\t\t\t\t\t\t\t\t<\/div>\n\t\t\t\t<\/div>\n\t\t\t\t<div class=\"elementor-element elementor-element-d81c8fe elementor-widget elementor-widget-spacer\" data-id=\"d81c8fe\" data-element_type=\"widget\" data-e-type=\"widget\" data-widget_type=\"spacer.default\">\n\t\t\t\t<div class=\"elementor-widget-container\">\n\t\t\t\t\t\t\t<div class=\"elementor-spacer\">\n\t\t\t<div class=\"elementor-spacer-inner\"><\/div>\n\t\t<\/div>\n\t\t\t\t\t\t<\/div>\n\t\t\t\t<\/div>\n\t\t\t\t\t<\/div>\n\t\t\t\t<\/div>\n\t\t<div class=\"elementor-element elementor-element-ac67cdd e-flex e-con-boxed e-con e-parent\" data-id=\"ac67cdd\" data-element_type=\"container\" data-e-type=\"container\">\n\t\t\t\t\t<div class=\"e-con-inner\">\n\t\t\t\t<div class=\"elementor-element elementor-element-38e404d elementor-widget elementor-widget-text-editor\" data-id=\"38e404d\" data-element_type=\"widget\" data-e-type=\"widget\" data-widget_type=\"text-editor.default\">\n\t\t\t\t<div class=\"elementor-widget-container\">\n\t\t\t\t\t\t\t\t\t<p><span style=\"font-weight: 400;\">Hiszpa\u0144skie fiesty to nie tylko okazja do zabawy, ale przede wszystkim do poznania kultury, historii i duchowo\u015bci region\u00f3w. Fallas zachwyca ognistym rozmachem, Tomatina rado\u015bci\u0105 i absurdem, a San Ferm\u00edn dreszczykiem emocji. Dla pasjonat\u00f3w j\u0119zyka i kultury hiszpa\u0144skiej udzia\u0142 w takich wydarzeniach to niezapomniane do\u015bwiadczenie i <\/span><a href=\"https:\/\/hiszpaniak.com\/pl\/12-szlifuj-swoj-hiszpanski-jak-myslec-po-hiszpansku\/\"><span style=\"font-weight: 400;\">praktyka j\u0119zykowa<\/span><\/a><span style=\"font-weight: 400;\"> w jednym.<\/span><\/p><p><span style=\"font-weight: 400;\">Na koniec warto przypomnie\u0107, \u017ce <\/span><a href=\"https:\/\/hiszpaniak.com\/pl\/uslugi\/hiszpanski-online\/\"><span style=\"font-weight: 400;\">nauk\u0119 j\u0119zyka hiszpa\u0144skiego<\/span><\/a><span style=\"font-weight: 400;\"> mo\u017cna zaczniesz ju\u017c dzi\u015b z pomoc\u0105 szko\u0142y <\/span><b>Hiszpaniak<\/b><span style=\"font-weight: 400;\">, gdzie pierwsza lekcja jest darmowa, a zaj\u0119cia prowadzi native speaker.<\/span><\/p>\t\t\t\t\t\t\t\t<\/div>\n\t\t\t\t<\/div>\n\t\t\t\t<div class=\"elementor-element elementor-element-808eac8 elementor-widget elementor-widget-image\" data-id=\"808eac8\" data-element_type=\"widget\" data-e-type=\"widget\" data-widget_type=\"image.default\">\n\t\t\t\t<div class=\"elementor-widget-container\">\n\t\t\t\t\t\t\t\t\t\t\t\t\t\t\t<img decoding=\"async\" width=\"1024\" height=\"683\" src=\"https:\/\/hiszpaniak.com\/wp-content\/uploads\/2025\/06\/hiszpanskie-swieta-hiszpaniak-1200-1024x683.jpg\" class=\"attachment-large size-large wp-image-5790\" alt=\"hiszpa\u0144skie \u015bwi\u0119ta regionalne\" srcset=\"https:\/\/hiszpaniak.com\/wp-content\/uploads\/2025\/06\/hiszpanskie-swieta-hiszpaniak-1200-1024x683.jpg 1024w, https:\/\/hiszpaniak.com\/wp-content\/uploads\/2025\/06\/hiszpanskie-swieta-hiszpaniak-1200-300x200.jpg 300w, https:\/\/hiszpaniak.com\/wp-content\/uploads\/2025\/06\/hiszpanskie-swieta-hiszpaniak-1200-768x512.jpg 768w, https:\/\/hiszpaniak.com\/wp-content\/uploads\/2025\/06\/hiszpanskie-swieta-hiszpaniak-1200.jpg 1200w\" sizes=\"(max-width: 1024px) 100vw, 1024px\" \/>\t\t\t\t\t\t\t\t\t\t\t\t\t\t\t<\/div>\n\t\t\t\t<\/div>\n\t\t\t\t<div class=\"elementor-element elementor-element-531159d elementor-widget elementor-widget-spacer\" data-id=\"531159d\" data-element_type=\"widget\" data-e-type=\"widget\" data-widget_type=\"spacer.default\">\n\t\t\t\t<div class=\"elementor-widget-container\">\n\t\t\t\t\t\t\t<div class=\"elementor-spacer\">\n\t\t\t<div class=\"elementor-spacer-inner\"><\/div>\n\t\t<\/div>\n\t\t\t\t\t\t<\/div>\n\t\t\t\t<\/div>\n\t\t\t\t\t<\/div>\n\t\t\t\t<\/div>\n\t\t\t\t<\/div>\n\t\t","protected":false},"excerpt":{"rendered":"<p>Hiszpania to nie tylko flamenco i tapas \u2013 to r\u00f3wnie\u017c niezwyk\u0142e fiesty, kt\u00f3re potrafi\u0105 na kilka dni odmieni\u0107 ca\u0142e miasta. Ka\u017cdy region ma swoje w\u0142asne \u015bwi\u0119ta, a niekt\u00f3re z nich sta\u0142y si\u0119 \u015bwiatowymi symbolami kultury i emocji. W tym artykule zapraszamy Ci\u0119 w podr\u00f3\u017c przez trzy najbardziej znane fiesty regionalne: ogniste Fallas w Walencji, szalon\u0105 bitw\u0119 pomidorow\u0105 La Tomatina w Bu\u00f1ol oraz pe\u0142en adrenaliny San Ferm\u00edn w Pampelunie.<\/p>\n","protected":false},"author":1,"featured_media":0,"comment_status":"open","ping_status":"open","sticky":false,"template":"","format":"standard","meta":{"footnotes":""},"categories":[29],"tags":[],"class_list":["post-5781","post","type-post","status-publish","format-standard","hentry","category-hiszpanskie-ciekawostki-fakty"],"blocksy_meta":{"has_hero_section":"enabled","hero_section":"type-2","styles_descriptor":{"styles":{"desktop":"[data-prefix=\"single_blog_post\"] .entry-header .page-title {--theme-font-size:30px;} [data-prefix=\"single_blog_post\"] .entry-header .entry-meta {--theme-font-weight:600;--theme-text-transform:uppercase;--theme-font-size:12px;--theme-line-height:1.3;} [data-prefix=\"single_blog_post\"] .hero-section[data-type=\"type-2\"] {background-color:var(--theme-palette-color-6);background-image:none;--container-padding:50px 0px;}","tablet":"","mobile":""},"google_fonts":{"Nunito Sans":["n4","n6"]},"version":6}},"aioseo_notices":[],"_links":{"self":[{"href":"https:\/\/hiszpaniak.com\/pl\/wp-json\/wp\/v2\/posts\/5781","targetHints":{"allow":["GET"]}}],"collection":[{"href":"https:\/\/hiszpaniak.com\/pl\/wp-json\/wp\/v2\/posts"}],"about":[{"href":"https:\/\/hiszpaniak.com\/pl\/wp-json\/wp\/v2\/types\/post"}],"author":[{"embeddable":true,"href":"https:\/\/hiszpaniak.com\/pl\/wp-json\/wp\/v2\/users\/1"}],"replies":[{"embeddable":true,"href":"https:\/\/hiszpaniak.com\/pl\/wp-json\/wp\/v2\/comments?post=5781"}],"version-history":[{"count":6,"href":"https:\/\/hiszpaniak.com\/pl\/wp-json\/wp\/v2\/posts\/5781\/revisions"}],"predecessor-version":[{"id":5796,"href":"https:\/\/hiszpaniak.com\/pl\/wp-json\/wp\/v2\/posts\/5781\/revisions\/5796"}],"wp:attachment":[{"href":"https:\/\/hiszpaniak.com\/pl\/wp-json\/wp\/v2\/media?parent=5781"}],"wp:term":[{"taxonomy":"category","embeddable":true,"href":"https:\/\/hiszpaniak.com\/pl\/wp-json\/wp\/v2\/categories?post=5781"},{"taxonomy":"post_tag","embeddable":true,"href":"https:\/\/hiszpaniak.com\/pl\/wp-json\/wp\/v2\/tags?post=5781"}],"curies":[{"name":"wp","href":"https:\/\/api.w.org\/{rel}","templated":true}]}}