{"id":5530,"date":"2024-11-27T09:11:20","date_gmt":"2024-11-27T09:11:20","guid":{"rendered":"https:\/\/hiszpaniak.com\/?p=5530"},"modified":"2025-10-20T16:04:43","modified_gmt":"2025-10-20T16:04:43","slug":"pogoda-po-hiszpansku-jak-mowic-o-pogodzie-po-hiszpansku","status":"publish","type":"post","link":"https:\/\/hiszpaniak.com\/pl\/pogoda-po-hiszpansku-jak-mowic-o-pogodzie-po-hiszpansku\/","title":{"rendered":"19. Pogoda po Hiszpa\u0144sku \u2013 Jak M\u00f3wi\u0107 o Pogodzie po Hiszpa\u0144sku?"},"content":{"rendered":"\t\t<div data-elementor-type=\"wp-post\" data-elementor-id=\"5530\" class=\"elementor elementor-5530\" data-elementor-post-type=\"post\">\n\t\t\t\t<div class=\"elementor-element elementor-element-1ea973e e-flex e-con-boxed e-con e-parent\" data-id=\"1ea973e\" data-element_type=\"container\" data-e-type=\"container\">\n\t\t\t\t\t<div class=\"e-con-inner\">\n\t\t\t\t<div class=\"elementor-element elementor-element-5a1292e elementor-widget elementor-widget-text-editor\" data-id=\"5a1292e\" data-element_type=\"widget\" data-e-type=\"widget\" data-widget_type=\"text-editor.default\">\n\t\t\t\t<div class=\"elementor-widget-container\">\n\t\t\t\t\t\t\t\t\t<p>M\u00f3wienie o pogodzie to temat, kt\u00f3ry zawsze znajdzie swoje miejsce w rozmowach. Mo\u017ce to by\u0107 zar\u00f3wno w codziennych rozmowach, jak i w bardziej formalnych. Niezale\u017cnie od tego, czy podr\u00f3\u017cujesz po Hiszpanii, czy chcesz po prostu \u0107wiczy\u0107 hiszpa\u0144ski, warto pozna\u0107 podstawowe zwroty zwi\u0105zane z pogod\u0105. W ko\u0144cu pogoda po hiszpa\u0144sku to doskona\u0142y spos\u00f3b na rozpocz\u0119cie rozmowy!<\/p><p>W tym artykule przedstawimy najcz\u0119stsze pytania i odpowiedzi dotycz\u0105ce pogody. Wyja\u015bnimy, jak opisywa\u0107 r\u00f3\u017cne zjawiska atmosferyczne. Podamy te\u017c kilka przydatnych s\u0142\u00f3w. Gotowi? \u00a1Vamos!<\/p>\t\t\t\t\t\t\t\t<\/div>\n\t\t\t\t<\/div>\n\t\t\t\t<div class=\"elementor-element elementor-element-3ccee6f elementor-widget elementor-widget-spacer\" data-id=\"3ccee6f\" data-element_type=\"widget\" data-e-type=\"widget\" data-widget_type=\"spacer.default\">\n\t\t\t\t<div class=\"elementor-widget-container\">\n\t\t\t\t\t\t\t<div class=\"elementor-spacer\">\n\t\t\t<div class=\"elementor-spacer-inner\"><\/div>\n\t\t<\/div>\n\t\t\t\t\t\t<\/div>\n\t\t\t\t<\/div>\n\t\t\t\t\t<\/div>\n\t\t\t\t<\/div>\n\t\t<div class=\"elementor-element elementor-element-ce2d92f e-flex e-con-boxed e-con e-parent\" data-id=\"ce2d92f\" data-element_type=\"container\" data-e-type=\"container\">\n\t\t\t\t\t<div class=\"e-con-inner\">\n\t\t\t\t<div class=\"elementor-element elementor-element-21c836b elementor-widget elementor-widget-heading\" data-id=\"21c836b\" data-element_type=\"widget\" data-e-type=\"widget\" data-widget_type=\"heading.default\">\n\t\t\t\t<div class=\"elementor-widget-container\">\n\t\t\t\t\t<h2 class=\"elementor-heading-title elementor-size-default\">Jak zapyta\u0107 o pogod\u0119 po hiszpa\u0144sku?<\/h2>\t\t\t\t<\/div>\n\t\t\t\t<\/div>\n\t\t\t\t<div class=\"elementor-element elementor-element-d99b094 elementor-widget elementor-widget-text-editor\" data-id=\"d99b094\" data-element_type=\"widget\" data-e-type=\"widget\" data-widget_type=\"text-editor.default\">\n\t\t\t\t<div class=\"elementor-widget-container\">\n\t\t\t\t\t\t\t\t\t<p>Najprostsze pytanie o pogod\u0119 w j\u0119zyku hiszpa\u0144skim brzmi:<\/p><p><strong>\u00bfQu\u00e9 tiempo hace?<\/strong>\u00a0\u2013 Jaka jest pogoda?<\/p><p>To pytanie przyda Ci si\u0119 w ka\u017cdej sytuacji. Mo\u017cesz je us\u0142ysze\u0107 zar\u00f3wno w ma\u0142ej kawiarni w Barcelonie, jak i podczas rozmowy ze znajomymi. Inne wersje tego pytania to:<\/p><ul><li><strong>\u00bfC\u00f3mo est\u00e1 el tiempo hoy?<\/strong>\u00a0\u2013 Jak\u0105 mamy dzi\u015b pogod\u0119?<\/li><li><strong>\u00bfQu\u00e9 clima hace?<\/strong>\u00a0\u2013 Jaki jest klimat\/pogoda?<\/li><\/ul>\t\t\t\t\t\t\t\t<\/div>\n\t\t\t\t<\/div>\n\t\t\t\t<div class=\"elementor-element elementor-element-acec188 elementor-widget elementor-widget-spacer\" data-id=\"acec188\" data-element_type=\"widget\" data-e-type=\"widget\" data-widget_type=\"spacer.default\">\n\t\t\t\t<div class=\"elementor-widget-container\">\n\t\t\t\t\t\t\t<div class=\"elementor-spacer\">\n\t\t\t<div class=\"elementor-spacer-inner\"><\/div>\n\t\t<\/div>\n\t\t\t\t\t\t<\/div>\n\t\t\t\t<\/div>\n\t\t\t\t\t<\/div>\n\t\t\t\t<\/div>\n\t\t<div class=\"elementor-element elementor-element-ba3d9b1 e-flex e-con-boxed e-con e-parent\" data-id=\"ba3d9b1\" data-element_type=\"container\" data-e-type=\"container\">\n\t\t\t\t\t<div class=\"e-con-inner\">\n\t\t\t\t<div class=\"elementor-element elementor-element-8ebfb80 elementor-widget elementor-widget-heading\" data-id=\"8ebfb80\" data-element_type=\"widget\" data-e-type=\"widget\" data-widget_type=\"heading.default\">\n\t\t\t\t<div class=\"elementor-widget-container\">\n\t\t\t\t\t<h2 class=\"elementor-heading-title elementor-size-default\">Jak odpowiedzie\u0107 na pytanie o pogod\u0119?<\/h2>\t\t\t\t<\/div>\n\t\t\t\t<\/div>\n\t\t\t\t<div class=\"elementor-element elementor-element-74055e8 elementor-widget elementor-widget-text-editor\" data-id=\"74055e8\" data-element_type=\"widget\" data-e-type=\"widget\" data-widget_type=\"text-editor.default\">\n\t\t\t\t<div class=\"elementor-widget-container\">\n\t\t\t\t\t\t\t\t\t<p>Odpowiedzi mog\u0105 by\u0107 bardzo r\u00f3\u017cnorodne. Ale na pocz\u0105tek warto zapami\u0119ta\u0107 kilka podstawowych zwrot\u00f3w:<\/p><ol><li><strong>Hace sol.<\/strong>\u00a0\u2013 Jest s\u0142onecznie.<\/li><li><strong>Hace calor.<\/strong>\u00a0\u2013 Jest gor\u0105co.<\/li><li><strong>Hace fr\u00edo.<\/strong>\u00a0\u2013 Jest zimno.<\/li><li><strong>Est\u00e1 nublado.<\/strong>\u00a0\u2013 Jest pochmurno.<\/li><li><strong>Llueve.<\/strong>\u00a0\u2013 Pada deszcz.<\/li><li><strong>Nieva.<\/strong>\u00a0\u2013 Pada \u015bnieg.<\/li><li><strong>Hay tormenta.<\/strong>\u00a0\u2013 Jest burza.<\/li><\/ol><p>Dzi\u0119ki tym odpowiedziom mo\u017cesz w prosty spos\u00f3b opisa\u0107, co dzieje si\u0119 za oknem.<\/p>\t\t\t\t\t\t\t\t<\/div>\n\t\t\t\t<\/div>\n\t\t\t\t<div class=\"elementor-element elementor-element-360b758 elementor-widget elementor-widget-spacer\" data-id=\"360b758\" data-element_type=\"widget\" data-e-type=\"widget\" data-widget_type=\"spacer.default\">\n\t\t\t\t<div class=\"elementor-widget-container\">\n\t\t\t\t\t\t\t<div class=\"elementor-spacer\">\n\t\t\t<div class=\"elementor-spacer-inner\"><\/div>\n\t\t<\/div>\n\t\t\t\t\t\t<\/div>\n\t\t\t\t<\/div>\n\t\t\t\t\t<\/div>\n\t\t\t\t<\/div>\n\t\t<div class=\"elementor-element elementor-element-6fb57f7 e-flex e-con-boxed e-con e-parent\" data-id=\"6fb57f7\" data-element_type=\"container\" data-e-type=\"container\">\n\t\t\t\t\t<div class=\"e-con-inner\">\n\t\t\t\t<div class=\"elementor-element elementor-element-d519dd3 elementor-widget elementor-widget-heading\" data-id=\"d519dd3\" data-element_type=\"widget\" data-e-type=\"widget\" data-widget_type=\"heading.default\">\n\t\t\t\t<div class=\"elementor-widget-container\">\n\t\t\t\t\t<h2 class=\"elementor-heading-title elementor-size-default\">Przydatne zwroty i wyra\u017cenia<\/h2>\t\t\t\t<\/div>\n\t\t\t\t<\/div>\n\t\t\t\t<div class=\"elementor-element elementor-element-ceee42e elementor-widget elementor-widget-text-editor\" data-id=\"ceee42e\" data-element_type=\"widget\" data-e-type=\"widget\" data-widget_type=\"text-editor.default\">\n\t\t\t\t<div class=\"elementor-widget-container\">\n\t\t\t\t\t\t\t\t\t<p>Je\u015bli chcesz wzbogaci\u0107 swoje umiej\u0119tno\u015bci opisywania pogody, oto kilka dodatkowych zwrot\u00f3w:<\/p><ul><li><strong>Hace viento.<\/strong>\u00a0\u2013 Wieje wiatr.<\/li><li><strong>Hay niebla.<\/strong>\u00a0\u2013 Jest mg\u0142a.<\/li><li><strong>Hace buen tiempo.<\/strong>\u00a0\u2013 Jest \u0142adna pogoda.<\/li><li><strong>Hace mal tiempo.<\/strong>\u00a0\u2013 Jest brzydka pogoda.<\/li><li><strong>Graniza.<\/strong>\u00a0\u2013 Pada grad.<\/li><li><strong>El sol brilla.<\/strong>\u00a0\u2013 S\u0142o\u0144ce \u015bwieci.<\/li><li><strong>La temperatura es de 20 grados.<\/strong>\u00a0\u2013 Temperatura wynosi 20 stopni.<\/li><\/ul>\t\t\t\t\t\t\t\t<\/div>\n\t\t\t\t<\/div>\n\t\t\t\t\t<\/div>\n\t\t\t\t<\/div>\n\t\t<div class=\"elementor-element elementor-element-a8081d3 e-flex e-con-boxed e-con e-parent\" data-id=\"a8081d3\" data-element_type=\"container\" data-e-type=\"container\">\n\t\t\t\t\t<div class=\"e-con-inner\">\n\t\t\t\t<div class=\"elementor-element elementor-element-8f701d0 elementor-widget elementor-widget-image\" data-id=\"8f701d0\" data-element_type=\"widget\" data-e-type=\"widget\" data-widget_type=\"image.default\">\n\t\t\t\t<div class=\"elementor-widget-container\">\n\t\t\t\t\t\t\t\t\t\t\t\t\t\t\t<img fetchpriority=\"high\" decoding=\"async\" width=\"1024\" height=\"1024\" src=\"https:\/\/hiszpaniak.com\/wp-content\/uploads\/2024\/11\/jak-mowic-o-pogodzie-po-hiszpansku.jpg\" class=\"attachment-large size-large wp-image-5557\" alt=\"Pogoda po hiszpa\u0144sku\" srcset=\"https:\/\/hiszpaniak.com\/wp-content\/uploads\/2024\/11\/jak-mowic-o-pogodzie-po-hiszpansku.jpg 1024w, https:\/\/hiszpaniak.com\/wp-content\/uploads\/2024\/11\/jak-mowic-o-pogodzie-po-hiszpansku-300x300.jpg 300w, https:\/\/hiszpaniak.com\/wp-content\/uploads\/2024\/11\/jak-mowic-o-pogodzie-po-hiszpansku-150x150.jpg 150w, https:\/\/hiszpaniak.com\/wp-content\/uploads\/2024\/11\/jak-mowic-o-pogodzie-po-hiszpansku-768x768.jpg 768w\" sizes=\"(max-width: 1024px) 100vw, 1024px\" \/>\t\t\t\t\t\t\t\t\t\t\t\t\t\t\t<\/div>\n\t\t\t\t<\/div>\n\t\t\t\t<div class=\"elementor-element elementor-element-d059bfc elementor-widget elementor-widget-spacer\" data-id=\"d059bfc\" data-element_type=\"widget\" data-e-type=\"widget\" data-widget_type=\"spacer.default\">\n\t\t\t\t<div class=\"elementor-widget-container\">\n\t\t\t\t\t\t\t<div class=\"elementor-spacer\">\n\t\t\t<div class=\"elementor-spacer-inner\"><\/div>\n\t\t<\/div>\n\t\t\t\t\t\t<\/div>\n\t\t\t\t<\/div>\n\t\t\t\t\t<\/div>\n\t\t\t\t<\/div>\n\t\t<div class=\"elementor-element elementor-element-ee084a4 e-flex e-con-boxed e-con e-parent\" data-id=\"ee084a4\" data-element_type=\"container\" data-e-type=\"container\">\n\t\t\t\t\t<div class=\"e-con-inner\">\n\t\t\t\t<div class=\"elementor-element elementor-element-fef0422 elementor-widget elementor-widget-heading\" data-id=\"fef0422\" data-element_type=\"widget\" data-e-type=\"widget\" data-widget_type=\"heading.default\">\n\t\t\t\t<div class=\"elementor-widget-container\">\n\t\t\t\t\t<h2 class=\"elementor-heading-title elementor-size-default\">S\u0142owniczek pogody po hiszpa\u0144sku<\/h2>\t\t\t\t<\/div>\n\t\t\t\t<\/div>\n\t\t\t\t<div class=\"elementor-element elementor-element-12f2900 elementor-widget elementor-widget-text-editor\" data-id=\"12f2900\" data-element_type=\"widget\" data-e-type=\"widget\" data-widget_type=\"text-editor.default\">\n\t\t\t\t<div class=\"elementor-widget-container\">\n\t\t\t\t\t\t\t\t\t<p>Aby lepiej rozmawia\u0107 o pogodzie, warto zapami\u0119ta\u0107 kilka podstawowych s\u0142\u00f3w:<\/p><ul><li><strong>El sol<\/strong>\u00a0\u2013 s\u0142o\u0144ce<\/li><li><strong>La lluvia<\/strong>\u00a0\u2013 deszcz<\/li><li><strong>El granizo<\/strong>\u00a0\u2013 grad<\/li><li><strong>La nieve<\/strong>\u00a0\u2013 \u015bnieg<\/li><li><strong>El viento<\/strong>\u00a0\u2013 wiatr<\/li><li><strong>El cielo<\/strong>\u00a0\u2013 niebo<\/li><li><strong>La tormenta<\/strong>\u00a0\u2013 burza<\/li><li><strong>El arco\u00edris<\/strong>\u00a0\u2013 t\u0119cza<\/li><\/ul>\t\t\t\t\t\t\t\t<\/div>\n\t\t\t\t<\/div>\n\t\t\t\t<div class=\"elementor-element elementor-element-4722e9d elementor-widget elementor-widget-spacer\" data-id=\"4722e9d\" data-element_type=\"widget\" data-e-type=\"widget\" data-widget_type=\"spacer.default\">\n\t\t\t\t<div class=\"elementor-widget-container\">\n\t\t\t\t\t\t\t<div class=\"elementor-spacer\">\n\t\t\t<div class=\"elementor-spacer-inner\"><\/div>\n\t\t<\/div>\n\t\t\t\t\t\t<\/div>\n\t\t\t\t<\/div>\n\t\t\t\t\t<\/div>\n\t\t\t\t<\/div>\n\t\t<div class=\"elementor-element elementor-element-305854f e-flex e-con-boxed e-con e-parent\" data-id=\"305854f\" data-element_type=\"container\" data-e-type=\"container\">\n\t\t\t\t\t<div class=\"e-con-inner\">\n\t\t\t\t<div class=\"elementor-element elementor-element-ef8cf50 elementor-widget elementor-widget-heading\" data-id=\"ef8cf50\" data-element_type=\"widget\" data-e-type=\"widget\" data-widget_type=\"heading.default\">\n\t\t\t\t<div class=\"elementor-widget-container\">\n\t\t\t\t\t<h2 class=\"elementor-heading-title elementor-size-default\">Rozmowa o pogodzie w praktyce<\/h2>\t\t\t\t<\/div>\n\t\t\t\t<\/div>\n\t\t\t\t<div class=\"elementor-element elementor-element-d52c2e1 elementor-widget elementor-widget-text-editor\" data-id=\"d52c2e1\" data-element_type=\"widget\" data-e-type=\"widget\" data-widget_type=\"text-editor.default\">\n\t\t\t\t<div class=\"elementor-widget-container\">\n\t\t\t\t\t\t\t\t\t<p><strong>Przyk\u0142ad rozmowy o pogodzie po hiszpa\u0144sku:<\/strong><br \/><br \/><\/p><p><strong>A:<\/strong> \u00bfQu\u00e9 tiempo hace hoy?<br \/><em>(<\/em>Jaka jest dzisiaj pogoda?)<\/p><p><strong>B:<\/strong> Hace sol y un poco de viento. \u00bfY en tu localidad?<br \/>(Jest s\u0142onecznie i troch\u0119 wietrznie. A jak w Twoim mie\u015bcie?)<\/p><p><strong>A:<\/strong> Aqu\u00ed hay un poco menos de sol, pero no hace fr\u00edo.<br \/>(Tutaj jest troch\u0119 mniej s\u0142o\u0144ca, ale nie jest zimno.)<\/p>\t\t\t\t\t\t\t\t<\/div>\n\t\t\t\t<\/div>\n\t\t\t\t<div class=\"elementor-element elementor-element-0d19c39 elementor-widget elementor-widget-spacer\" data-id=\"0d19c39\" data-element_type=\"widget\" data-e-type=\"widget\" data-widget_type=\"spacer.default\">\n\t\t\t\t<div class=\"elementor-widget-container\">\n\t\t\t\t\t\t\t<div class=\"elementor-spacer\">\n\t\t\t<div class=\"elementor-spacer-inner\"><\/div>\n\t\t<\/div>\n\t\t\t\t\t\t<\/div>\n\t\t\t\t<\/div>\n\t\t\t\t\t<\/div>\n\t\t\t\t<\/div>\n\t\t<div class=\"elementor-element elementor-element-7a023dc e-flex e-con-boxed e-con e-parent\" data-id=\"7a023dc\" data-element_type=\"container\" data-e-type=\"container\">\n\t\t\t\t\t<div class=\"e-con-inner\">\n\t\t\t\t<div class=\"elementor-element elementor-element-8387ff6 elementor-widget elementor-widget-heading\" data-id=\"8387ff6\" data-element_type=\"widget\" data-e-type=\"widget\" data-widget_type=\"heading.default\">\n\t\t\t\t<div class=\"elementor-widget-container\">\n\t\t\t\t\t<h2 class=\"elementor-heading-title elementor-size-default\">Dlaczego warto uczy\u0107 si\u0119 o pogodzie po hiszpa\u0144sku?<\/h2>\t\t\t\t<\/div>\n\t\t\t\t<\/div>\n\t\t\t\t<div class=\"elementor-element elementor-element-b7e0549 elementor-widget elementor-widget-text-editor\" data-id=\"b7e0549\" data-element_type=\"widget\" data-e-type=\"widget\" data-widget_type=\"text-editor.default\">\n\t\t\t\t<div class=\"elementor-widget-container\">\n\t\t\t\t\t\t\t\t\t<p>Rozmowy o pogodzie to \u015bwietny spos\u00f3b na nawi\u0105zywanie kontakt\u00f3w. Hiszpanie, jak i Polacy, cz\u0119sto m\u00f3wi\u0105 o pogodzie. Dlatego znajomo\u015b\u0107 fraz zwi\u0105zanych z pogod\u0105 po hiszpa\u0144sku to podstawa!<\/p><p>Nie zapominaj te\u017c, \u017ce pogoda po hiszpa\u0144sku mo\u017ce by\u0107 tematem, kt\u00f3ry pomo\u017ce Ci prze\u0142ama\u0107 pierwsze lody w nowym \u015brodowisku. \u00a1Buena suerte!<\/p><p>Nast\u0119pnym razem porozmawiamy o <a href=\"https:\/\/hiszpaniak.com\/pl\/pory-roku-po-hiszpansku\/\">porach roku<\/a>. Dowiemy si\u0119, jak powiedzie\u0107, \u017ce \u201ewiosn\u0105 kwiaty zaczynaj\u0105 kwitn\u0105\u0107\u201d. Poznamy tak\u017ce najwa\u017cniejsze \u015bwi\u0119ta, kt\u00f3re s\u0105 szczeg\u00f3lnie istotne dla Hiszpan\u00f3w.<\/p>\t\t\t\t\t\t\t\t<\/div>\n\t\t\t\t<\/div>\n\t\t\t\t\t<\/div>\n\t\t\t\t<\/div>\n\t\t\t\t<\/div>\n\t\t","protected":false},"excerpt":{"rendered":"<p>M\u00f3wienie o pogodzie to temat, kt\u00f3ry zawsze znajdzie swoje miejsce w rozmowach. Mo\u017ce to by\u0107 zar\u00f3wno w codziennych rozmowach, jak i w bardziej formalnych. Niezale\u017cnie od tego, czy podr\u00f3\u017cujesz po Hiszpanii, czy chcesz po prostu \u0107wiczy\u0107 hiszpa\u0144ski, warto pozna\u0107 podstawowe zwroty zwi\u0105zane z pogod\u0105. W ko\u0144cu pogoda po hiszpa\u0144sku to doskona\u0142y spos\u00f3b na rozpocz\u0119cie rozmowy! [&hellip;]<\/p>\n","protected":false},"author":1,"featured_media":0,"comment_status":"open","ping_status":"open","sticky":false,"template":"","format":"standard","meta":{"footnotes":""},"categories":[31],"tags":[],"class_list":["post-5530","post","type-post","status-publish","format-standard","hentry","category-slownictwo-hiszpanskie"],"blocksy_meta":{"has_hero_section":"enabled","hero_section":"type-2","styles_descriptor":{"styles":{"desktop":"[data-prefix=\"single_blog_post\"] .entry-header .page-title {--theme-font-size:30px;} [data-prefix=\"single_blog_post\"] .entry-header .entry-meta {--theme-font-weight:600;--theme-text-transform:uppercase;--theme-font-size:12px;--theme-line-height:1.3;} [data-prefix=\"single_blog_post\"] .hero-section[data-type=\"type-2\"] {background-color:var(--theme-palette-color-6);background-image:none;--container-padding:50px 0px;}","tablet":"","mobile":""},"google_fonts":{"Nunito Sans":["n4","n6"]},"version":6}},"aioseo_notices":[],"_links":{"self":[{"href":"https:\/\/hiszpaniak.com\/pl\/wp-json\/wp\/v2\/posts\/5530","targetHints":{"allow":["GET"]}}],"collection":[{"href":"https:\/\/hiszpaniak.com\/pl\/wp-json\/wp\/v2\/posts"}],"about":[{"href":"https:\/\/hiszpaniak.com\/pl\/wp-json\/wp\/v2\/types\/post"}],"author":[{"embeddable":true,"href":"https:\/\/hiszpaniak.com\/pl\/wp-json\/wp\/v2\/users\/1"}],"replies":[{"embeddable":true,"href":"https:\/\/hiszpaniak.com\/pl\/wp-json\/wp\/v2\/comments?post=5530"}],"version-history":[{"count":17,"href":"https:\/\/hiszpaniak.com\/pl\/wp-json\/wp\/v2\/posts\/5530\/revisions"}],"predecessor-version":[{"id":5654,"href":"https:\/\/hiszpaniak.com\/pl\/wp-json\/wp\/v2\/posts\/5530\/revisions\/5654"}],"wp:attachment":[{"href":"https:\/\/hiszpaniak.com\/pl\/wp-json\/wp\/v2\/media?parent=5530"}],"wp:term":[{"taxonomy":"category","embeddable":true,"href":"https:\/\/hiszpaniak.com\/pl\/wp-json\/wp\/v2\/categories?post=5530"},{"taxonomy":"post_tag","embeddable":true,"href":"https:\/\/hiszpaniak.com\/pl\/wp-json\/wp\/v2\/tags?post=5530"}],"curies":[{"name":"wp","href":"https:\/\/api.w.org\/{rel}","templated":true}]}}