{"id":5321,"date":"2024-11-05T13:01:00","date_gmt":"2024-11-05T13:01:00","guid":{"rendered":"https:\/\/hiszpaniak.com\/?p=5321"},"modified":"2025-05-02T14:41:24","modified_gmt":"2025-05-02T14:41:24","slug":"czas-terazniejszy-w-jezyku-hiszpanskim","status":"publish","type":"post","link":"https:\/\/hiszpaniak.com\/pl\/czas-terazniejszy-w-jezyku-hiszpanskim\/","title":{"rendered":"16. Czas Tera\u017aniejszy w J\u0119zyku Hiszpa\u0144skim"},"content":{"rendered":"\t\t<div data-elementor-type=\"wp-post\" data-elementor-id=\"5321\" class=\"elementor elementor-5321\" data-elementor-post-type=\"post\">\n\t\t\t\t<div class=\"elementor-element elementor-element-dd03e13 e-flex e-con-boxed e-con e-parent\" data-id=\"dd03e13\" data-element_type=\"container\" data-e-type=\"container\">\n\t\t\t\t\t<div class=\"e-con-inner\">\n\t\t\t\t<div class=\"elementor-element elementor-element-ca4d4fc elementor-widget elementor-widget-text-editor\" data-id=\"ca4d4fc\" data-element_type=\"widget\" data-e-type=\"widget\" data-widget_type=\"text-editor.default\">\n\t\t\t\t<div class=\"elementor-widget-container\">\n\t\t\t\t\t\t\t\t\t<p>Czas tera\u017aniejszy w j\u0119zyku hiszpa\u0144skim, czyli &#8222;presente de indicativo&#8221;, jest jednym z najwa\u017cniejszych i najcz\u0119\u015bciej u\u017cywanych czas\u00f3w. Jest stosunkowo prosty do opanowania, a jego regularno\u015b\u0107 sprawia, \u017ce mo\u017cna szybko go zrozumie\u0107.<\/p><p>Zesz\u0142ym razem rozmawiali\u015bmy o tym, jak si\u0119 tworzy i stosuje <a title=\"15. Czas przysz\u0142y w j\u0119zyku Hiszpa\u0144skim: Tworzenie i zastosowanie (z przyk\u0142adami)\" href=\"https:\/\/hiszpaniak.com\/pl\/15-czas-przyszly-w-jezyku-hiszpanskim-tworzenie-i-zastosowanie\/\" target=\"_blank\" rel=\"noopener\">czas przysz\u0142y<\/a>. W tym artykule om\u00f3wimy jego zasady, zastosowanie oraz najwa\u017cniejsze koniugacje.<\/p><h3><strong>Zastosowanie czasu tera\u017aniejszego<\/strong><\/h3><p>Czas tera\u017aniejszy w j\u0119zyku hiszpa\u0144skim u\u017cywany jest przede wszystkim do opisywania wydarze\u0144, kt\u00f3re dziej\u0105 si\u0119 teraz, w chwili m\u00f3wienia. S\u0142u\u017cy tak\u017ce do wyra\u017cania fakt\u00f3w, nawyk\u00f3w, a tak\u017ce przysz\u0142ych wydarze\u0144 w kontek\u015bcie, gdy jest to oczywiste z kontekstu.<\/p><p>Oto kilka przyk\u0142ad\u00f3w:<\/p><ul><li><strong>Dzia\u0142ania tera\u017aniejsze:<\/strong> <em>Yo hablo espa\u00f1ol<\/em> (M\u00f3wi\u0119 po hiszpa\u0144sku)<\/li><li><strong>Czynno\u015bci nawykowe:<\/strong> <em>Cada d\u00eda corro por la ma\u00f1ana<\/em> (Ka\u017cdego dnia biegam rano)<\/li><li><strong>Plany na przysz\u0142o\u015b\u0107:<\/strong> <em>Ma\u00f1ana viajo a Madrid<\/em> (Jutro jad\u0119 do Madrytu)<\/li><\/ul>\t\t\t\t\t\t\t\t<\/div>\n\t\t\t\t<\/div>\n\t\t\t\t\t<\/div>\n\t\t\t\t<\/div>\n\t\t<div class=\"elementor-element elementor-element-eccde2b e-flex e-con-boxed e-con e-parent\" data-id=\"eccde2b\" data-element_type=\"container\" data-e-type=\"container\">\n\t\t\t\t\t<div class=\"e-con-inner\">\n\t\t\t\t<div class=\"elementor-element elementor-element-51e1d47 elementor-widget elementor-widget-image\" data-id=\"51e1d47\" data-element_type=\"widget\" data-e-type=\"widget\" data-widget_type=\"image.default\">\n\t\t\t\t<div class=\"elementor-widget-container\">\n\t\t\t\t\t\t\t\t\t\t\t\t\t\t\t<img fetchpriority=\"high\" decoding=\"async\" width=\"1024\" height=\"683\" src=\"https:\/\/hiszpaniak.com\/wp-content\/uploads\/2024\/09\/2148973432-1024x683.jpg\" class=\"attachment-large size-large wp-image-5348\" alt=\"Czas Tera\u017aniejszy w J\u0119zyku Hiszpa\u0144skim\" srcset=\"https:\/\/hiszpaniak.com\/wp-content\/uploads\/2024\/09\/2148973432-1024x683.jpg 1024w, https:\/\/hiszpaniak.com\/wp-content\/uploads\/2024\/09\/2148973432-300x200.jpg 300w, https:\/\/hiszpaniak.com\/wp-content\/uploads\/2024\/09\/2148973432-768x512.jpg 768w, https:\/\/hiszpaniak.com\/wp-content\/uploads\/2024\/09\/2148973432.jpg 1500w\" sizes=\"(max-width: 1024px) 100vw, 1024px\" \/>\t\t\t\t\t\t\t\t\t\t\t\t\t\t\t<\/div>\n\t\t\t\t<\/div>\n\t\t\t\t\t<\/div>\n\t\t\t\t<\/div>\n\t\t<div class=\"elementor-element elementor-element-acdd3b3 e-flex e-con-boxed e-con e-parent\" data-id=\"acdd3b3\" data-element_type=\"container\" data-e-type=\"container\">\n\t\t\t\t\t<div class=\"e-con-inner\">\n\t\t\t\t<div class=\"elementor-element elementor-element-35eee82 elementor-widget elementor-widget-text-editor\" data-id=\"35eee82\" data-element_type=\"widget\" data-e-type=\"widget\" data-widget_type=\"text-editor.default\">\n\t\t\t\t<div class=\"elementor-widget-container\">\n\t\t\t\t\t\t\t\t\t<h3><strong>Regularne koniugacje czasownik\u00f3w<\/strong><\/h3><p>W j\u0119zyku hiszpa\u0144skim czasowniki w czasie tera\u017aniejszym dziel\u0105 si\u0119 na trzy grupy: -AR, -ER i -IR. Ka\u017cda z tych grup ma swoje w\u0142asne ko\u0144c\u00f3wki w zale\u017cno\u015bci od osoby (ja, ty, on\/ona, my, wy, oni\/one).<\/p><p><strong>Czasowniki -AR (hablar)<\/strong><\/p><p>Czasowniki regularne zako\u0144czone na -AR maj\u0105 nast\u0119puj\u0105ce ko\u0144c\u00f3wki:<\/p><ul><li>Yo hablo (m\u00f3wi\u0119)<\/li><li>T\u00fa hablas (m\u00f3wisz)<\/li><li>\u00c9l\/ella habla (m\u00f3wi)<\/li><li>Nosotros\/as hablamos (m\u00f3wimy)<\/li><li>Vosotros\/as habl\u00e1is (m\u00f3wicie)<\/li><li>Ellos\/as hablan (m\u00f3wi\u0105)<\/li><\/ul><p><strong>Czasowniki -ER (comer)<\/strong><\/p><p>Czasowniki zako\u0144czone na -ER maj\u0105 troch\u0119 inne ko\u0144c\u00f3wki:<\/p><ul><li>Yo como (jem)<\/li><li>T\u00fa comes (jesz)<\/li><li>\u00c9l\/ella come (je)<\/li><li>Nosotros\/as comemos (jemy)<\/li><li>Vosotros\/as com\u00e9is (jecie)<\/li><li>Ellos\/as comen (jedz\u0105)<\/li><\/ul><p><strong>Czasowniki -IR (vivir)<\/strong><\/p><p>Czasowniki zako\u0144czone na -IR maj\u0105 podobne ko\u0144c\u00f3wki do czasownik\u00f3w -ER, ale r\u00f3\u017cni\u0105 si\u0119 w kilku osobach:<\/p><ul><li>Yo vivo (\u017cyj\u0119)<\/li><li>T\u00fa vives (\u017cyjesz)<\/li><li>\u00c9l\/ella vive (\u017cyje)<\/li><li>Nosotros\/as vivimos (\u017cyjemy)<\/li><li>Vosotros\/as viv\u00eds (\u017cyjecie)<\/li><li>Ellos\/as viven (\u017cyj\u0105)<\/li><\/ul>\t\t\t\t\t\t\t\t<\/div>\n\t\t\t\t<\/div>\n\t\t\t\t\t<\/div>\n\t\t\t\t<\/div>\n\t\t<div class=\"elementor-element elementor-element-2bd9950 e-flex e-con-boxed e-con e-parent\" data-id=\"2bd9950\" data-element_type=\"container\" data-e-type=\"container\">\n\t\t\t\t\t<div class=\"e-con-inner\">\n\t\t\t\t<div class=\"elementor-element elementor-element-04f53da elementor-widget elementor-widget-image\" data-id=\"04f53da\" data-element_type=\"widget\" data-e-type=\"widget\" data-widget_type=\"image.default\">\n\t\t\t\t<div class=\"elementor-widget-container\">\n\t\t\t\t\t\t\t\t\t\t\t\t\t\t\t<img decoding=\"async\" width=\"800\" height=\"759\" src=\"https:\/\/hiszpaniak.com\/wp-content\/uploads\/2024\/10\/czas-terazniejszy-regularne-czasowniki.jpg\" class=\"attachment-large size-large wp-image-5326\" alt=\"\" srcset=\"https:\/\/hiszpaniak.com\/wp-content\/uploads\/2024\/10\/czas-terazniejszy-regularne-czasowniki.jpg 800w, https:\/\/hiszpaniak.com\/wp-content\/uploads\/2024\/10\/czas-terazniejszy-regularne-czasowniki-300x285.jpg 300w, https:\/\/hiszpaniak.com\/wp-content\/uploads\/2024\/10\/czas-terazniejszy-regularne-czasowniki-768x729.jpg 768w\" sizes=\"(max-width: 800px) 100vw, 800px\" \/>\t\t\t\t\t\t\t\t\t\t\t\t\t\t\t<\/div>\n\t\t\t\t<\/div>\n\t\t\t\t\t<\/div>\n\t\t\t\t<\/div>\n\t\t<div class=\"elementor-element elementor-element-8ba8606 e-flex e-con-boxed e-con e-parent\" data-id=\"8ba8606\" data-element_type=\"container\" data-e-type=\"container\">\n\t\t\t\t\t<div class=\"e-con-inner\">\n\t\t\t\t<div class=\"elementor-element elementor-element-e27c4fa elementor-widget elementor-widget-text-editor\" data-id=\"e27c4fa\" data-element_type=\"widget\" data-e-type=\"widget\" data-widget_type=\"text-editor.default\">\n\t\t\t\t<div class=\"elementor-widget-container\">\n\t\t\t\t\t\t\t\t\t<h3><strong>Czasowniki nieregularne<\/strong><\/h3><p>Niestety, nie wszystkie czasowniki w j\u0119zyku hiszpa\u0144skim s\u0105 regularne. Niekt\u00f3re zmieniaj\u0105 swoj\u0105 form\u0119 w czasie tera\u017aniejszym, co mo\u017ce by\u0107 wyzwaniem. Oto kilka przyk\u0142ad\u00f3w czasownik\u00f3w nieregularnych:<\/p><ul><li><strong>Ser<\/strong> (by\u0107):<ul><li>Yo soy, t\u00fa eres, \u00e9l\/ella es, nosotros\/as somos, vosotros\/as sois, ellos\/as son<\/li><\/ul><\/li><li><strong>Ir<\/strong> (i\u015b\u0107):<ul><li>Yo voy, t\u00fa vas, \u00e9l\/ella va, nosotros\/as vamos, vosotros\/as vais, ellos\/as van<\/li><\/ul><\/li><li><strong>Tener<\/strong> (mie\u0107):<ul><li>Yo tengo, t\u00fa tienes, \u00e9l\/ella tiene, nosotros\/as tenemos, vosotros\/as ten\u00e9is, ellos\/as tienen<\/li><\/ul><\/li><\/ul><p><strong>\u00a0<\/strong><\/p><h3><strong>Zastosowanie czasu tera\u017aniejszego do przysz\u0142o\u015bci<\/strong><\/h3><p>W hiszpa\u0144skim czas tera\u017aniejszy jest cz\u0119sto u\u017cywany do wyra\u017cania przysz\u0142o\u015bci, zw\u0142aszcza gdy mowa o planach i dzia\u0142aniach, kt\u00f3re maj\u0105 si\u0119 wydarzy\u0107 w najbli\u017cszym czasie. Przyk\u0142ad:<\/p><ul><li><em>El viernes salimos de viaje.<\/em> (W pi\u0105tek wyje\u017cd\u017camy w podr\u00f3\u017c)<\/li><\/ul><p><strong>\u00a0<\/strong><strong>\u00a0<\/strong><\/p><h3><strong>Cz\u0119ste b\u0142\u0119dy w u\u017cyciu czasu tera\u017aniejszego<\/strong><\/h3><p>Osoby ucz\u0105ce si\u0119 j\u0119zyka hiszpa\u0144skiego cz\u0119sto pope\u0142niaj\u0105 b\u0142\u0119dy przy stosowaniu czasu tera\u017aniejszego, zw\u0142aszcza przy czasownikach nieregularnych. Warto zwr\u00f3ci\u0107 uwag\u0119 na odmiany takich czasownik\u00f3w jak <em>tener<\/em>, <em>ser<\/em> czy <em>ir<\/em>, kt\u00f3re cz\u0119sto sprawiaj\u0105 trudno\u015bci.<\/p><p>Powy\u017cszy artyku\u0142 pozwoli Ci lepiej zrozumie\u0107 i opanowa\u0107 czas tera\u017aniejszy w j\u0119zyku hiszpa\u0144skim, kt\u00f3ry jest fundamentem p\u0142ynnej komunikacji. Regularne \u0107wiczenia koniugacji i nauka czasownik\u00f3w nieregularnych z pewno\u015bci\u0105 przyspiesz\u0105 Twoje post\u0119py!<\/p>\t\t\t\t\t\t\t\t<\/div>\n\t\t\t\t<\/div>\n\t\t\t\t\t<\/div>\n\t\t\t\t<\/div>\n\t\t<div class=\"elementor-element elementor-element-0fb4121 e-flex e-con-boxed e-con e-parent\" data-id=\"0fb4121\" data-element_type=\"container\" data-e-type=\"container\">\n\t\t\t\t\t<div class=\"e-con-inner\">\n\t\t\t\t<div class=\"elementor-element elementor-element-5f9a2dc elementor-widget elementor-widget-image\" data-id=\"5f9a2dc\" data-element_type=\"widget\" data-e-type=\"widget\" data-widget_type=\"image.default\">\n\t\t\t\t<div class=\"elementor-widget-container\">\n\t\t\t\t\t\t\t\t\t\t\t\t\t\t\t<img decoding=\"async\" width=\"1024\" height=\"802\" src=\"https:\/\/hiszpaniak.com\/wp-content\/uploads\/2024\/09\/spanish-language-globe-present-tense-1024x802.jpg\" class=\"attachment-large size-large wp-image-5351\" alt=\"\" srcset=\"https:\/\/hiszpaniak.com\/wp-content\/uploads\/2024\/09\/spanish-language-globe-present-tense-1024x802.jpg 1024w, https:\/\/hiszpaniak.com\/wp-content\/uploads\/2024\/09\/spanish-language-globe-present-tense-300x235.jpg 300w, https:\/\/hiszpaniak.com\/wp-content\/uploads\/2024\/09\/spanish-language-globe-present-tense-768x602.jpg 768w, https:\/\/hiszpaniak.com\/wp-content\/uploads\/2024\/09\/spanish-language-globe-present-tense.jpg 1500w\" sizes=\"(max-width: 1024px) 100vw, 1024px\" \/>\t\t\t\t\t\t\t\t\t\t\t\t\t\t\t<\/div>\n\t\t\t\t<\/div>\n\t\t\t\t\t<\/div>\n\t\t\t\t<\/div>\n\t\t\t\t<\/div>\n\t\t","protected":false},"excerpt":{"rendered":"<p>Czas tera\u017aniejszy w j\u0119zyku hiszpa\u0144skim, czyli &#8222;presente de indicativo&#8221;, jest jednym z najwa\u017cniejszych i najcz\u0119\u015bciej u\u017cywanych czas\u00f3w. Jest stosunkowo prosty do opanowania, a jego regularno\u015b\u0107 sprawia, \u017ce mo\u017cna szybko go zrozumie\u0107. Zesz\u0142ym razem rozmawiali\u015bmy o tym, jak si\u0119 tworzy i stosuje czas przysz\u0142y. W tym artykule om\u00f3wimy jego zasady, zastosowanie oraz najwa\u017cniejsze koniugacje. Zastosowanie czasu [&hellip;]<\/p>\n","protected":false},"author":1,"featured_media":0,"comment_status":"open","ping_status":"open","sticky":false,"template":"","format":"standard","meta":{"footnotes":""},"categories":[30],"tags":[51],"class_list":["post-5321","post","type-post","status-publish","format-standard","hentry","category-gramatyka-hiszpanska","tag-czas-terazniejszy-hiszpanski"],"blocksy_meta":{"has_hero_section":"enabled","hero_section":"type-2","styles_descriptor":{"styles":{"desktop":"[data-prefix=\"single_blog_post\"] .entry-header .page-title {--theme-font-size:30px;} [data-prefix=\"single_blog_post\"] .entry-header .entry-meta {--theme-font-weight:600;--theme-text-transform:uppercase;--theme-font-size:12px;--theme-line-height:1.3;} [data-prefix=\"single_blog_post\"] .hero-section[data-type=\"type-2\"] {background-color:var(--theme-palette-color-6);background-image:none;--container-padding:50px 0px;}","tablet":"","mobile":""},"google_fonts":{"Nunito Sans":["n4","n6"]},"version":6}},"aioseo_notices":[],"_links":{"self":[{"href":"https:\/\/hiszpaniak.com\/pl\/wp-json\/wp\/v2\/posts\/5321","targetHints":{"allow":["GET"]}}],"collection":[{"href":"https:\/\/hiszpaniak.com\/pl\/wp-json\/wp\/v2\/posts"}],"about":[{"href":"https:\/\/hiszpaniak.com\/pl\/wp-json\/wp\/v2\/types\/post"}],"author":[{"embeddable":true,"href":"https:\/\/hiszpaniak.com\/pl\/wp-json\/wp\/v2\/users\/1"}],"replies":[{"embeddable":true,"href":"https:\/\/hiszpaniak.com\/pl\/wp-json\/wp\/v2\/comments?post=5321"}],"version-history":[{"count":24,"href":"https:\/\/hiszpaniak.com\/pl\/wp-json\/wp\/v2\/posts\/5321\/revisions"}],"predecessor-version":[{"id":5655,"href":"https:\/\/hiszpaniak.com\/pl\/wp-json\/wp\/v2\/posts\/5321\/revisions\/5655"}],"wp:attachment":[{"href":"https:\/\/hiszpaniak.com\/pl\/wp-json\/wp\/v2\/media?parent=5321"}],"wp:term":[{"taxonomy":"category","embeddable":true,"href":"https:\/\/hiszpaniak.com\/pl\/wp-json\/wp\/v2\/categories?post=5321"},{"taxonomy":"post_tag","embeddable":true,"href":"https:\/\/hiszpaniak.com\/pl\/wp-json\/wp\/v2\/tags?post=5321"}],"curies":[{"name":"wp","href":"https:\/\/api.w.org\/{rel}","templated":true}]}}